[{"@context":"https:\/\/schema.org\/","@type":"Article","@id":"https:\/\/www.hsms.cz\/clovek-delajici-it-a-jeho-rodina\/#Article","mainEntityOfPage":"https:\/\/www.hsms.cz\/clovek-delajici-it-a-jeho-rodina\/","headline":"\u010clov\u011bk d\u011blaj\u00edc\u00ed IT a jeho rodina","name":"\u010clov\u011bk d\u011blaj\u00edc\u00ed IT a jeho rodina","description":"Lid\u00e9 si mohou myslet, \u017ee ti, kte\u0159\u00ed d\u011blaj\u00ed IT, jist\u011b nebudou m\u00edt \u017e\u00e1dnou rodinu, proto\u017ee maj\u00ed pocit, \u017ee se s\u00a0takov\u00fdm \u010dlov\u011bkem ned\u00e1 na v\u011bcech p\u0159\u00edli\u0161 domluvit a \u0159e\u0161it s\u00a0nimi n\u011bco rozhodn\u011b nen\u00ed snadn\u00e9. V\u011b\u0159te ale, \u017ee i tito lid\u00e9 maj\u00ed rodinu a klidn\u011b i d\u011bti. Poda\u0159ilo se jim naj\u00edt n\u011bkoho, kdo jim rozum\u00ed a to [&hellip;]","datePublished":"2022-07-29","dateModified":"2023-05-18","author":{"@type":"Person","@id":"https:\/\/www.hsms.cz\/author\/devene\/#Person","name":"devene","url":"https:\/\/www.hsms.cz\/author\/devene\/","identifier":1,"image":{"@type":"ImageObject","@id":"https:\/\/secure.gravatar.com\/avatar\/9cac53ffad5d6e0659d72eaf216400c165f8fbf396c79017c66698a8aa5be23d?s=96&d=mm&r=g","url":"https:\/\/secure.gravatar.com\/avatar\/9cac53ffad5d6e0659d72eaf216400c165f8fbf396c79017c66698a8aa5be23d?s=96&d=mm&r=g","height":96,"width":96}},"publisher":{"@type":"Organization","name":"hsms.cz","logo":{"@type":"ImageObject","@id":"\/logo.png","url":"\/logo.png","width":600,"height":60}},"image":{"@type":"ImageObject","@id":"https:\/\/www.hsms.cz\/wp-content\/uploads\/note_1.JPG","url":"https:\/\/www.hsms.cz\/wp-content\/uploads\/note_1.JPG","height":0,"width":0},"url":"https:\/\/www.hsms.cz\/clovek-delajici-it-a-jeho-rodina\/","about":["IT"],"wordCount":455,"articleBody":"Lid\u00e9 si mohou myslet, \u017ee ti, kte\u0159\u00ed d\u011blaj\u00ed IT, jist\u011b nebudou m\u00edt \u017e\u00e1dnou rodinu, proto\u017ee maj\u00ed pocit, \u017ee se s\u00a0takov\u00fdm \u010dlov\u011bkem ned\u00e1 na v\u011bcech p\u0159\u00edli\u0161 domluvit a \u0159e\u0161it s\u00a0nimi n\u011bco rozhodn\u011b nen\u00ed snadn\u00e9.V\u011b\u0159te ale, \u017ee i tito lid\u00e9 maj\u00ed rodinu a klidn\u011b i d\u011bti. Poda\u0159ilo se jim naj\u00edt n\u011bkoho, kdo jim rozum\u00ed a to i p\u0159esto, \u017ee jin\u00ed lid\u00e9 mohou m\u00edt pocit, \u017ee ten, kter\u00fd d\u011bl\u00e1 IT je zvl\u00e1\u0161tn\u00ed a p\u0159\u00edli\u0161 nemluv\u00ed. To, \u017ee takov\u00fd \u010dlov\u011bk moc nemluv\u00ed, je d\u00e1no t\u00edm, \u017ee kolikr\u00e1t p\u0159em\u00fd\u0161l\u00ed nad probl\u00e9mem, se kter\u00fdm se nap\u0159\u00edklad pot\u00fdk\u00e1te a a\u017e jakmile p\u0159ijde na to, co by mohlo b\u00fdt probl\u00e9m, za\u010dne mluvit.Pokud se p\u0159i hovoru s\u00a0takov\u00fdm \u010dlov\u011bkem setk\u00e1te s\u00a0odml\u010den\u00edm i ve chv\u00edli, kdy se chcete domluvit na tom, kdy m\u016f\u017eete k\u00a0dan\u00e9mu \u010dlov\u011bku zav\u00e9zt v\u00e1\u0161 po\u010d\u00edta\u010d, tak\u00e9 to je t\u00edm, \u017ee dan\u00fd \u010dlov\u011bk p\u0159em\u00fd\u0161l\u00ed nad t\u00edm, kdy bude doma, abyste jej zastihli a abyste mu je\u0161t\u011b jednou mohli popsat dan\u00fd probl\u00e9m. Ur\u010dit\u011b by se to dalo ud\u011blat tak, \u017ee by v\u00e1\u0161 po\u010d\u00edta\u010d p\u0159ebrala \u017eena dan\u00e9ho technika, ale ona by nebyla schopna popsat dan\u00fd probl\u00e9m tak, jako vy.Je pravdou, \u017ee dnes nen\u00ed snadn\u00e9 naj\u00edt n\u011bkoho, kdo by v\u00e1m rozum\u011bl a kdo by respektoval jak v\u00e1s, tak i va\u0161i pr\u00e1ci. Ka\u017ed\u00fd ale m\u016f\u017ee n\u011bkoho takov\u00e9ho naj\u00edt, pokud se nebudete b\u00e1t d\u00e1t n\u011bkter\u00fdm v\u011bcem \u0161anci.\u00a0I ten, kdo d\u011bl\u00e1 IT, m\u016f\u017ee b\u00fdt \u0161\u0165astn\u011b \u017eenat\u00fd a m\u016f\u017ee m\u00edt d\u011bti. A\u010d tomu nebudou cht\u00edt n\u011bkte\u0159\u00ed v\u011b\u0159it, je to opravdu tak.Ka\u017ed\u00fd m\u00e1 n\u00e1rok na to, aby byl \u0161\u0165astn\u00fd a m\u011bl rodinu, kterou bude milovat a kter\u00e1 bude milovat dan\u00e9ho \u010dlov\u011bka. To, \u017ee m\u016f\u017ee n\u011bkter\u00fdm n\u011bco takov\u00e9ho p\u0159ipadat zvl\u00e1\u0161tn\u00ed, je probl\u00e9m dan\u00fdch lid\u00ed a nikoho jin\u00e9ho.\u00a0I ten, kdo d\u011bl\u00e1 zcela jin\u00e9 povol\u00e1n\u00ed, kter\u00e9 je nap\u0159\u00edklad velice n\u00e1ro\u010dn\u00e9 a to na \u010das, m\u00e1 n\u00e1rok na to, aby m\u011bl rodinu, kterou bude milovat.\u00a0Rozhodn\u011b bychom nem\u011bli nikdy nikoho odsuzovat a to tak, jako dan\u00fd \u010dlov\u011bk neodsuzuje n\u00e1s. Pro n\u011bkter\u00e9 m\u016f\u017ee b\u00fdt n\u011bco takov\u00e9ho slo\u017eit\u00e9, ale opravdu to nen\u00ed tak slo\u017eit\u00e9, jak se m\u016f\u017ee zd\u00e1t.                                                                                                                                                                                                                                                                                                                                                                                                "},{"@context":"https:\/\/schema.org\/","@type":"BreadcrumbList","itemListElement":[{"@type":"ListItem","position":1,"name":"\u010clov\u011bk d\u011blaj\u00edc\u00ed IT a jeho rodina","item":"https:\/\/www.hsms.cz\/clovek-delajici-it-a-jeho-rodina\/#breadcrumbitem"}]}]