[{"@context":"https:\/\/schema.org\/","@type":"Article","@id":"https:\/\/www.hsms.cz\/dovolena-v-italii\/#Article","mainEntityOfPage":"https:\/\/www.hsms.cz\/dovolena-v-italii\/","headline":"Dovolen\u00e1 v It\u00e1lii","name":"Dovolen\u00e1 v It\u00e1lii","description":"V\u017edycky jsem si \u0159\u00edkala, \u017ee nejlep\u0161\u00ed dovolen\u00e1 je tam, kde je teplo a kde je kr\u00e1sn\u011b. J\u00e1 jsem v\u017edycky nejrad\u011bji na dovolenou jezdila n\u011bkam k mo\u0159i. A nejrad\u011bji do It\u00e1lie. Proto\u017ee jako mal\u00e1 jsem se u\u010dila italsky. M\u011bla jsem toti\u017e dv\u011b kamar\u00e1dky, kter\u00e9 poch\u00e1zely z It\u00e1lie, ale \u017eily tady u n\u00e1s v \u010cesk\u00e9 republice. Tak\u017ee [&hellip;]","datePublished":"2022-05-04","dateModified":"2023-05-18","author":{"@type":"Person","@id":"https:\/\/www.hsms.cz\/author\/devene\/#Person","name":"devene","url":"https:\/\/www.hsms.cz\/author\/devene\/","identifier":1,"image":{"@type":"ImageObject","@id":"https:\/\/secure.gravatar.com\/avatar\/9cac53ffad5d6e0659d72eaf216400c165f8fbf396c79017c66698a8aa5be23d?s=96&d=mm&r=g","url":"https:\/\/secure.gravatar.com\/avatar\/9cac53ffad5d6e0659d72eaf216400c165f8fbf396c79017c66698a8aa5be23d?s=96&d=mm&r=g","height":96,"width":96}},"publisher":{"@type":"Organization","name":"hsms.cz","logo":{"@type":"ImageObject","@id":"\/logo.png","url":"\/logo.png","width":600,"height":60}},"image":{"@type":"ImageObject","@id":"https:\/\/www.hsms.cz\/wp-content\/uploads\/castelmezzano-1979546_960_720.jpg","url":"https:\/\/www.hsms.cz\/wp-content\/uploads\/castelmezzano-1979546_960_720.jpg","height":0,"width":0},"url":"https:\/\/www.hsms.cz\/dovolena-v-italii\/","about":["Dovolen\u00e1"],"wordCount":423,"articleBody":"V\u017edycky jsem si \u0159\u00edkala, \u017ee nejlep\u0161\u00ed dovolen\u00e1 je tam, kde je teplo a kde je kr\u00e1sn\u011b. J\u00e1 jsem v\u017edycky nejrad\u011bji na dovolenou jezdila n\u011bkam k mo\u0159i. A nejrad\u011bji do It\u00e1lie. Proto\u017ee jako mal\u00e1 jsem se u\u010dila italsky. M\u011bla jsem toti\u017e dv\u011b kamar\u00e1dky, kter\u00e9 poch\u00e1zely z It\u00e1lie, ale \u017eily tady u n\u00e1s v \u010cesk\u00e9 republice. Tak\u017ee jsem se taky velmi rychle nau\u010dila italsky. V\u00edte, kdy\u017e se kamar\u00e1d\u00edte s n\u011bk\u00fdm, kdo um\u00ed perfektn\u011b italsky a je vlastn\u011b\u00a0Ital, tak potom taky pochop\u00edte a pochyt\u00edte v\u0161echny r\u016fzn\u00e9 italsk\u00e9 v\u011bci a slova. M\u011b to moc bavilo. Zat\u00edm jsem potom m\u011bla velkou v\u00fdhodu, \u017ee jsem s kamar\u00e1dkami mohla jednou za rok jet taky do It\u00e1lie. A bylo to prima, proto\u017ee to byla z\u00e1rove\u0148 takov\u00e1 mal\u00e1 dovolen\u00e1, nav\u00edc jsem tam bydlela zadarmo, tak\u017ee jsem nemusela platit vysok\u00e9 \u010d\u00e1stky jako nap\u0159\u00edklad za ubytov\u00e1n\u00ed anebo za stravu. Proto\u017ee jsme si to potom n\u011bkdy vym\u011bnili a na\u0161e dv\u011b kamar\u00e1dky potom bydlely u n\u00e1s.Na\u0161im rodi\u010d\u016fm to naprosto vyhovovalo. A j\u00e1 si mysl\u00edm, \u017ee v budoucnu m\u00ed rodi\u010de taky budou jezdit n\u011bkam na dovolenou, proto\u017ee m\u00ed rodi\u010de se chystaj\u00ed u\u017e ka\u017ed\u00fd rok n\u011bkam do Thajska, ale nikdy jim to nevyjde. V\u017edycky jim to p\u0159ekaz\u00ed t\u0159eba n\u011bjak\u00e1 n\u00e1hl\u00e1 nemoc anebo n\u011bco v pr\u00e1ci. J\u00e1 si mysl\u00edm, \u017ee rodi\u010de by na to u\u017e nem\u011bli br\u00e1t ohled, proto\u017ee pracovat se d\u00e1 opravdu kdykoliv.A m\u00ed rodi\u010de by si u\u017e m\u011bli kone\u010dn\u011b vychutnat n\u011bjakou po\u0159\u00e1dnou dovolenou, nebo u\u017e se z toho v\u0161eho z\u00e1p\u0159ahu zbl\u00e1zn\u00ed. Mysl\u00edm si, \u017ee ka\u017ed\u00fd \u010dlov\u011bk pot\u0159ebuje\u00a0n\u011bkdy\u00a0po\u0159\u00e1dn\u011b\u00a0vypnou a\u00a0nemyslet\u00a0v\u016fbec\u00a0na nic. Mo\u017en\u00e1 jenom na to, z\u00a0jak\u00e9\u00a0strany\u00a0se bude na pl\u00e1\u017ei opalovat. J\u00e1\u00a0jsem\u00a0v\u017edycky\u00a0nejrad\u011bji\u00a0na leh\u00e1tku le\u017eela s drinkem v ruce a pozorovala\u00a0mo\u0159e a\u00a0okoln\u00ed lidi. To byl pro m\u011b nejv\u011bt\u0161\u00ed\u00a0relax\u00a0a jsem r\u00e1da, \u017ee m\u00e1m\u00a0umo\u017en\u011bno\u00a0jezdit\u00a0ka\u017ed\u00fd rok na dovolenou. Letos v prosince se chyst\u00e1m do Alp, kam pojedu \u00fapln\u011b poprv\u00e9, tak jsem\u00a0zv\u011bdav\u00e1, jak se mi tam bude l\u00edbit. Ka\u017ed\u00fd to tam chv\u00e1l\u00ed.                                                                                                                                                                                                                                                                                                                                                                                                "},{"@context":"https:\/\/schema.org\/","@type":"BreadcrumbList","itemListElement":[{"@type":"ListItem","position":1,"name":"Dovolen\u00e1 v It\u00e1lii","item":"https:\/\/www.hsms.cz\/dovolena-v-italii\/#breadcrumbitem"}]}]